{"id":24609,"date":"2026-02-18T13:23:05","date_gmt":"2026-02-18T13:23:05","guid":{"rendered":"https:\/\/flughafentaxi-muenchen.eu\/nicht-kategorisiert\/muenih-havalimanindan-erken-ucus-gercekten-ne-zaman-ayrilmalisiniz\/"},"modified":"2026-02-25T12:08:56","modified_gmt":"2026-02-25T12:08:56","slug":"muenih-havalimanindan-erken-ucus-gercekten-ne-zaman-ayrilmalisiniz","status":"publish","type":"post","link":"https:\/\/flughafentaxi-muenchen.eu\/tr\/blog\/muenih-havalimanindan-erken-ucus-gercekten-ne-zaman-ayrilmalisiniz\/","title":{"rendered":"M\u00fcnih Havaliman\u0131&#8217;ndan erken u\u00e7u\u015f: Ger\u00e7ekten ne zaman ayr\u0131lmal\u0131s\u0131n\u0131z?"},"content":{"rendered":"<div class=\"fusion-fullwidth fullwidth-box fusion-builder-row-1 fusion-flex-container has-pattern-background has-mask-background nonhundred-percent-fullwidth non-hundred-percent-height-scrolling\" style=\"--awb-border-radius-top-left:0px;--awb-border-radius-top-right:0px;--awb-border-radius-bottom-right:0px;--awb-border-radius-bottom-left:0px;--awb-flex-wrap:wrap;\" ><div class=\"fusion-builder-row fusion-row fusion-flex-align-items-flex-start fusion-flex-content-wrap\" style=\"max-width:1256.6px;margin-left: calc(-3% \/ 2 );margin-right: calc(-3% \/ 2 );\"><div class=\"fusion-layout-column fusion_builder_column fusion-builder-column-0 fusion_builder_column_1_1 1_1 fusion-flex-column\" style=\"--awb-bg-size:cover;--awb-width-large:100%;--awb-spacing-right-large:1.455%;--awb-margin-bottom-large:0px;--awb-spacing-left-large:1.455%;--awb-width-medium:100%;--awb-order-medium:0;--awb-spacing-right-medium:1.455%;--awb-spacing-left-medium:1.455%;--awb-width-small:100%;--awb-order-small:0;--awb-spacing-right-small:1.455%;--awb-spacing-left-small:1.455%;\"><div class=\"fusion-column-wrapper fusion-column-has-shadow fusion-flex-justify-content-flex-start fusion-content-layout-column\"><div class=\"fusion-image-element \" style=\"--awb-margin-top:20px;--awb-margin-bottom:20px;--awb-caption-title-font-family:var(--h2_typography-font-family);--awb-caption-title-font-weight:var(--h2_typography-font-weight);--awb-caption-title-font-style:var(--h2_typography-font-style);--awb-caption-title-size:var(--h2_typography-font-size);--awb-caption-title-transform:var(--h2_typography-text-transform);--awb-caption-title-line-height:var(--h2_typography-line-height);--awb-caption-title-letter-spacing:var(--h2_typography-letter-spacing);\"><span class=\" fusion-imageframe imageframe-none imageframe-1 hover-type-none\"><img decoding=\"async\" width=\"1920\" height=\"300\" title=\"3\" src=\"https:\/\/flughafentaxi-muenchen.eu\/wp-content\/uploads\/2022\/11\/3.avif\" data-orig-src=\"https:\/\/flughafentaxi-muenchen.eu\/wp-content\/uploads\/2022\/11\/3.avif\" alt class=\"lazyload img-responsive wp-image-24356\" srcset=\"data:image\/svg+xml,%3Csvg%20xmlns%3D%27http%3A%2F%2Fwww.w3.org%2F2000%2Fsvg%27%20width%3D%271920%27%20height%3D%27300%27%20viewBox%3D%270%200%201920%20300%27%3E%3Crect%20width%3D%271920%27%20height%3D%27300%27%20fill-opacity%3D%220%22%2F%3E%3C%2Fsvg%3E\" data-srcset=\"https:\/\/flughafentaxi-muenchen.eu\/wp-content\/uploads\/2022\/11\/3-200x31.avif 200w, https:\/\/flughafentaxi-muenchen.eu\/wp-content\/uploads\/2022\/11\/3-400x63.avif 400w, https:\/\/flughafentaxi-muenchen.eu\/wp-content\/uploads\/2022\/11\/3-600x94.avif 600w, https:\/\/flughafentaxi-muenchen.eu\/wp-content\/uploads\/2022\/11\/3-800x125.avif 800w, https:\/\/flughafentaxi-muenchen.eu\/wp-content\/uploads\/2022\/11\/3-1200x188.avif 1200w, https:\/\/flughafentaxi-muenchen.eu\/wp-content\/uploads\/2022\/11\/3.avif 1920w\" data-sizes=\"auto\" data-orig-sizes=\"(max-width: 820px) 100vw, 1200px\" \/><\/span><\/div><div class=\"fusion-text fusion-text-1\" style=\"--awb-text-transform:none;\"><p>Sabah 6:00&#8217;daki bir u\u00e7u\u015f kula\u011fa rahatlat\u0131c\u0131 geliyor.<br \/>\nTa ki sabah 4:00&#8217;te havaalan\u0131nda olman\u0131z gerekti\u011fini fark edene kadar.<\/p>\n<p>Bir\u00e7ok gezgin zaman planlamas\u0131n\u0131 hafife al\u0131r: \u00f6zellikle erken kalk\u0131\u015flar i\u00e7in.<\/p>\n<h3>M\u00fcnih Havaliman\u0131&#8217;na ne kadar erken gitmelisiniz?<\/h3>\n<p>\u00d6neri:<\/p>\n<ul>\n<li>K\u0131sa mesafe: 2 saat \u00f6nceden<\/li>\n<li>Uzun mesafe: \u00d6nceden 2,5-3 saat<\/li>\n<\/ul>\n<p>Sabah 6:00&#8217;da kalk\u0131\u015fla, bu \u015fu anlama geliyor:<\/p>\n<ul>\n<li>Havaalan\u0131na var\u0131\u015f: en ge\u00e7 sabah 4:00<\/li>\n<li>Evden ayr\u0131l\u0131\u015f: mesafeye ba\u011fl\u0131 olarak 2:45 ile 3:30 aras\u0131nda<\/li>\n<\/ul>\n<\/div><div class=\"fusion-image-element \" style=\"--awb-margin-top:20px;--awb-margin-bottom:20px;--awb-caption-title-font-family:var(--h2_typography-font-family);--awb-caption-title-font-weight:var(--h2_typography-font-weight);--awb-caption-title-font-style:var(--h2_typography-font-style);--awb-caption-title-size:var(--h2_typography-font-size);--awb-caption-title-transform:var(--h2_typography-text-transform);--awb-caption-title-line-height:var(--h2_typography-line-height);--awb-caption-title-letter-spacing:var(--h2_typography-letter-spacing);\"><span class=\" fusion-imageframe imageframe-none imageframe-2 hover-type-none\"><img decoding=\"async\" width=\"1920\" height=\"300\" title=\"1\" src=\"https:\/\/flughafentaxi-muenchen.eu\/wp-content\/uploads\/2022\/11\/1-1.avif\" data-orig-src=\"https:\/\/flughafentaxi-muenchen.eu\/wp-content\/uploads\/2022\/11\/1-1.avif\" alt class=\"lazyload img-responsive wp-image-24354\" srcset=\"data:image\/svg+xml,%3Csvg%20xmlns%3D%27http%3A%2F%2Fwww.w3.org%2F2000%2Fsvg%27%20width%3D%271920%27%20height%3D%27300%27%20viewBox%3D%270%200%201920%20300%27%3E%3Crect%20width%3D%271920%27%20height%3D%27300%27%20fill-opacity%3D%220%22%2F%3E%3C%2Fsvg%3E\" data-srcset=\"https:\/\/flughafentaxi-muenchen.eu\/wp-content\/uploads\/2022\/11\/1-1-200x31.avif 200w, https:\/\/flughafentaxi-muenchen.eu\/wp-content\/uploads\/2022\/11\/1-1-400x63.avif 400w, https:\/\/flughafentaxi-muenchen.eu\/wp-content\/uploads\/2022\/11\/1-1-600x94.avif 600w, https:\/\/flughafentaxi-muenchen.eu\/wp-content\/uploads\/2022\/11\/1-1-800x125.avif 800w, https:\/\/flughafentaxi-muenchen.eu\/wp-content\/uploads\/2022\/11\/1-1-1200x188.avif 1200w, https:\/\/flughafentaxi-muenchen.eu\/wp-content\/uploads\/2022\/11\/1-1.avif 1920w\" data-sizes=\"auto\" data-orig-sizes=\"(max-width: 820px) 100vw, 1200px\" \/><\/span><\/div><div class=\"fusion-text fusion-text-2\" style=\"--awb-text-transform:none;\"><h3>G\u00fcn\u00fcn bu saatinde sokaklarda neler oluyor?<\/h3>\n<p>Geceleri daha az trafik oluyor ama:<\/p>\n<ul>\n<li>\u0130n\u015faat sahalar\u0131 genellikle aktiftir<\/li>\n<li>K\u0131\u015f yol bak\u0131m\u0131 yollar\u0131 daraltabilir<\/li>\n<li>Kaygan ko\u015fullar veya sis yolculu\u011fu geciktirir<\/li>\n<li>S-Bahn k\u0131s\u0131tlamalarla \u00e7al\u0131\u015f\u0131yor<\/li>\n<\/ul>\n<p>Planlama k\u0131\u015f aylar\u0131nda yaz aylar\u0131na g\u00f6re daha \u00f6nemlidir.<\/p>\n<h3>Park m\u0131 edelim yoksa teslim mi edelim?<\/h3>\n<p>Sabah erken saatlerde park etmek genellikle \u015fu anlama gelir<\/p>\n<ul>\n<li>Park yeri aray\u0131n<\/li>\n<li>Servis otob\u00fcs\u00fcn\u00fc bekleyin<\/li>\n<li>Bagaj ile y\u00fcr\u00fcmek<\/li>\n<li>Zaman bask\u0131s\u0131n\u0131 hissedin<\/li>\n<\/ul>\n<p>Birden fazla bavulla veya \u00e7ocuklarla seyahat edenler i\u00e7in bu durum ek bir y\u00fck olu\u015fturacakt\u0131r.<\/p>\n<p>\u00d6zellikle a\u015fa\u011f\u0131dakiler i\u00e7in uygundur: \u0130\u015f seyahatleri, uzun mesafeli seyahatler, aile tatilleri, k\u0131\u015f u\u00e7u\u015flar\u0131, grup seyahatleri<\/p>\n<h3>Zaman planlamas\u0131, bir \u00f6rnek<\/h3>\n<p>U\u00e7u\u015f: Sabah 6:00<br \/>\nCheck-in \u00f6nerilen saat: 4:00<br \/>\nYolculuk s\u00fcresi: 45 dakika<br \/>\nG\u00fcvenlik marj\u0131: 20 dakika<\/p>\n<p>Kalk\u0131\u015f: En ge\u00e7 saat 2:55<\/p>\n<p>K\u00fc\u00e7\u00fck bir trafik s\u0131k\u0131\u015f\u0131kl\u0131\u011f\u0131 veya park yeri aray\u0131\u015f\u0131 burada belirleyici olabilir.<\/p>\n<h3>Daha rahat bir alternatif<\/h3>\n<p>Bir\u00e7ok gezgin \u00e7ok erken u\u00e7u\u015flar i\u00e7in organize bir seyahati tercih etmektedir.<\/p>\n<p>Avantajlar:<\/p>\n<ul>\n<li>Sabit teslim alma saati<\/li>\n<li>Park stresi yok<\/li>\n<li>Terminale do\u011frudan eri\u015fim<\/li>\n<li>Kar ya\u011f\u0131\u015f\u0131 veya buzlanma ko\u015fullar\u0131 hakk\u0131nda endi\u015felenmenize gerek yok<\/li>\n<\/ul>\n<\/div><div ><a class=\"fusion-button button-flat fusion-button-default-size button-default fusion-button-default button-1 fusion-button-default-span fusion-button-default-type\" style=\"--button_text_transform:none;\" target=\"_self\" href=\"https:\/\/flughafentaxi-muenchen.eu\/tr\/suerues-talebinde-bulun\/\"><span class=\"fusion-button-text awb-button__text awb-button__text--default\">\u00d6nceden uygun planlama ve sorgulama<\/span><\/a><\/div><div class=\"fusion-image-element \" style=\"--awb-margin-top:20px;--awb-margin-bottom:20px;--awb-caption-title-font-family:var(--h2_typography-font-family);--awb-caption-title-font-weight:var(--h2_typography-font-weight);--awb-caption-title-font-style:var(--h2_typography-font-style);--awb-caption-title-size:var(--h2_typography-font-size);--awb-caption-title-transform:var(--h2_typography-text-transform);--awb-caption-title-line-height:var(--h2_typography-line-height);--awb-caption-title-letter-spacing:var(--h2_typography-letter-spacing);\"><span class=\" fusion-imageframe imageframe-none imageframe-3 hover-type-none\"><img decoding=\"async\" width=\"1920\" height=\"300\" title=\"3\" src=\"https:\/\/flughafentaxi-muenchen.eu\/wp-content\/uploads\/2022\/11\/3.avif\" data-orig-src=\"https:\/\/flughafentaxi-muenchen.eu\/wp-content\/uploads\/2022\/11\/3.avif\" alt class=\"lazyload img-responsive wp-image-24356\" srcset=\"data:image\/svg+xml,%3Csvg%20xmlns%3D%27http%3A%2F%2Fwww.w3.org%2F2000%2Fsvg%27%20width%3D%271920%27%20height%3D%27300%27%20viewBox%3D%270%200%201920%20300%27%3E%3Crect%20width%3D%271920%27%20height%3D%27300%27%20fill-opacity%3D%220%22%2F%3E%3C%2Fsvg%3E\" data-srcset=\"https:\/\/flughafentaxi-muenchen.eu\/wp-content\/uploads\/2022\/11\/3-200x31.avif 200w, https:\/\/flughafentaxi-muenchen.eu\/wp-content\/uploads\/2022\/11\/3-400x63.avif 400w, https:\/\/flughafentaxi-muenchen.eu\/wp-content\/uploads\/2022\/11\/3-600x94.avif 600w, https:\/\/flughafentaxi-muenchen.eu\/wp-content\/uploads\/2022\/11\/3-800x125.avif 800w, https:\/\/flughafentaxi-muenchen.eu\/wp-content\/uploads\/2022\/11\/3-1200x188.avif 1200w, https:\/\/flughafentaxi-muenchen.eu\/wp-content\/uploads\/2022\/11\/3.avif 1920w\" data-sizes=\"auto\" data-orig-sizes=\"(max-width: 820px) 100vw, 1200px\" \/><\/span><\/div><div class=\"fusion-text fusion-text-3\" style=\"--awb-text-transform:none;\"><h2><b>SSS &#8211; M\u00fcnih&#8217;ten erken u\u00e7u\u015f<\/b><\/h2>\n<p class=\"p3\"><b>S-Bahn geceleri \u00e7al\u0131\u015f\u0131yor mu?<\/b><b><\/b><\/p>\n<p class=\"p4\">Sadece s\u0131n\u0131rl\u0131 say\u0131da. Zaman \u00e7izelgesini kontrol etti\u011finizden emin olun. <\/p>\n<p>&nbsp;<\/p>\n<p class=\"p3\"><b>Sabahlar\u0131 g\u00fcvenlik kontrol\u00fc ne kadar s\u00fcr\u00fcyor?<\/b><b><\/b><\/p>\n<p class=\"p4\">Kapasite kullan\u0131m\u0131na ba\u011fl\u0131 olarak 10 ila 40 dakika aras\u0131nda.<\/p>\n<p>&nbsp;<\/p>\n<p class=\"p3\"><b>Havaalan\u0131 geceleri yo\u011fun mu?<\/b><b><\/b><\/p>\n<p class=\"p4\">Evet, \u00f6zellikle hafta sonu tatil u\u00e7u\u015flar\u0131 i\u00e7in.<\/p>\n<\/div><\/div><\/div><\/div><\/div>\n","protected":false},"excerpt":{"rendered":"","protected":false},"author":1,"featured_media":24356,"comment_status":"closed","ping_status":"closed","sticky":false,"template":"","format":"standard","meta":{"_acf_changed":false,"footnotes":""},"categories":[77],"tags":[],"class_list":["post-24609","post","type-post","status-publish","format-standard","has-post-thumbnail","hentry","category-blog"],"acf":[],"_links":{"self":[{"href":"https:\/\/flughafentaxi-muenchen.eu\/tr\/wp-json\/wp\/v2\/posts\/24609","targetHints":{"allow":["GET"]}}],"collection":[{"href":"https:\/\/flughafentaxi-muenchen.eu\/tr\/wp-json\/wp\/v2\/posts"}],"about":[{"href":"https:\/\/flughafentaxi-muenchen.eu\/tr\/wp-json\/wp\/v2\/types\/post"}],"author":[{"embeddable":true,"href":"https:\/\/flughafentaxi-muenchen.eu\/tr\/wp-json\/wp\/v2\/users\/1"}],"replies":[{"embeddable":true,"href":"https:\/\/flughafentaxi-muenchen.eu\/tr\/wp-json\/wp\/v2\/comments?post=24609"}],"version-history":[{"count":3,"href":"https:\/\/flughafentaxi-muenchen.eu\/tr\/wp-json\/wp\/v2\/posts\/24609\/revisions"}],"predecessor-version":[{"id":24612,"href":"https:\/\/flughafentaxi-muenchen.eu\/tr\/wp-json\/wp\/v2\/posts\/24609\/revisions\/24612"}],"wp:featuredmedia":[{"embeddable":true,"href":"https:\/\/flughafentaxi-muenchen.eu\/tr\/wp-json\/wp\/v2\/media\/24356"}],"wp:attachment":[{"href":"https:\/\/flughafentaxi-muenchen.eu\/tr\/wp-json\/wp\/v2\/media?parent=24609"}],"wp:term":[{"taxonomy":"category","embeddable":true,"href":"https:\/\/flughafentaxi-muenchen.eu\/tr\/wp-json\/wp\/v2\/categories?post=24609"},{"taxonomy":"post_tag","embeddable":true,"href":"https:\/\/flughafentaxi-muenchen.eu\/tr\/wp-json\/wp\/v2\/tags?post=24609"}],"curies":[{"name":"wp","href":"https:\/\/api.w.org\/{rel}","templated":true}]}}