{"id":24617,"date":"2026-02-18T09:16:54","date_gmt":"2026-02-18T09:16:54","guid":{"rendered":"https:\/\/flughafentaxi-muenchen.eu\/nicht-kategorisiert\/ischglde-kis-hafta-sonu-maliyetler-oraya-nasil-gidilir-ve-oenceden-bilmeniz-gerekenler-2026\/"},"modified":"2026-02-25T12:09:30","modified_gmt":"2026-02-25T12:09:30","slug":"ischglde-kis-hafta-sonu-maliyetler-oraya-nasil-gidilir-ve-oenceden-bilmeniz-gerekenler-2026","status":"publish","type":"post","link":"https:\/\/flughafentaxi-muenchen.eu\/tr\/blog\/ischglde-kis-hafta-sonu-maliyetler-oraya-nasil-gidilir-ve-oenceden-bilmeniz-gerekenler-2026\/","title":{"rendered":"Ischgl&#8217;de k\u0131\u015f hafta sonu: maliyetler, oraya nas\u0131l gidilir ve \u00f6nceden bilmeniz gerekenler (2026)"},"content":{"rendered":"<div class=\"fusion-fullwidth fullwidth-box fusion-builder-row-1 fusion-flex-container has-pattern-background has-mask-background nonhundred-percent-fullwidth non-hundred-percent-height-scrolling\" style=\"--awb-border-radius-top-left:0px;--awb-border-radius-top-right:0px;--awb-border-radius-bottom-right:0px;--awb-border-radius-bottom-left:0px;--awb-flex-wrap:wrap;\" ><div class=\"fusion-builder-row fusion-row fusion-flex-align-items-flex-start fusion-flex-content-wrap\" style=\"max-width:1256.6px;margin-left: calc(-3% \/ 2 );margin-right: calc(-3% \/ 2 );\"><div class=\"fusion-layout-column fusion_builder_column fusion-builder-column-0 fusion_builder_column_1_1 1_1 fusion-flex-column\" style=\"--awb-bg-size:cover;--awb-width-large:100%;--awb-spacing-right-large:1.455%;--awb-margin-bottom-large:0px;--awb-spacing-left-large:1.455%;--awb-width-medium:100%;--awb-order-medium:0;--awb-spacing-right-medium:1.455%;--awb-spacing-left-medium:1.455%;--awb-width-small:100%;--awb-order-small:0;--awb-spacing-right-small:1.455%;--awb-spacing-left-small:1.455%;\"><div class=\"fusion-column-wrapper fusion-column-has-shadow fusion-flex-justify-content-flex-start fusion-content-layout-column\"><div class=\"fusion-image-element \" style=\"--awb-margin-top:20px;--awb-margin-bottom:20px;--awb-caption-title-font-family:var(--h2_typography-font-family);--awb-caption-title-font-weight:var(--h2_typography-font-weight);--awb-caption-title-font-style:var(--h2_typography-font-style);--awb-caption-title-size:var(--h2_typography-font-size);--awb-caption-title-transform:var(--h2_typography-text-transform);--awb-caption-title-line-height:var(--h2_typography-line-height);--awb-caption-title-letter-spacing:var(--h2_typography-letter-spacing);\"><span class=\" fusion-imageframe imageframe-none imageframe-1 hover-type-none\"><img decoding=\"async\" width=\"1920\" height=\"300\" title=\"2\" src=\"https:\/\/flughafentaxi-muenchen.eu\/wp-content\/uploads\/2022\/11\/2.avif\" data-orig-src=\"https:\/\/flughafentaxi-muenchen.eu\/wp-content\/uploads\/2022\/11\/2.avif\" alt class=\"lazyload img-responsive wp-image-24355\" srcset=\"data:image\/svg+xml,%3Csvg%20xmlns%3D%27http%3A%2F%2Fwww.w3.org%2F2000%2Fsvg%27%20width%3D%271920%27%20height%3D%27300%27%20viewBox%3D%270%200%201920%20300%27%3E%3Crect%20width%3D%271920%27%20height%3D%27300%27%20fill-opacity%3D%220%22%2F%3E%3C%2Fsvg%3E\" data-srcset=\"https:\/\/flughafentaxi-muenchen.eu\/wp-content\/uploads\/2022\/11\/2-200x31.avif 200w, https:\/\/flughafentaxi-muenchen.eu\/wp-content\/uploads\/2022\/11\/2-400x63.avif 400w, https:\/\/flughafentaxi-muenchen.eu\/wp-content\/uploads\/2022\/11\/2-600x94.avif 600w, https:\/\/flughafentaxi-muenchen.eu\/wp-content\/uploads\/2022\/11\/2-800x125.avif 800w, https:\/\/flughafentaxi-muenchen.eu\/wp-content\/uploads\/2022\/11\/2-1200x188.avif 1200w, https:\/\/flughafentaxi-muenchen.eu\/wp-content\/uploads\/2022\/11\/2.avif 1920w\" data-sizes=\"auto\" data-orig-sizes=\"(max-width: 820px) 100vw, 1200px\" \/><\/span><\/div><div class=\"fusion-text fusion-text-1\" style=\"--awb-text-transform:none;\"><p>Ischgl, pek \u00e7ok ki\u015finin &#8220;Bir kez deneyimlemelisiniz&#8221; dedi\u011fi kayak merkezlerinden biridir.<br \/>\nGeni\u015f pistler, modern teleferikler, uzun bir sezon ve sportif zorluklarla konforun iyi bir kar\u0131\u015f\u0131m\u0131.<\/p>\n<p>G\u00fcney Almanya&#8217;dan bir hafta sonu gezisi \u00f6zellikle iyi bir fikir. Ancak \u00f6zellikle k\u0131\u015f aylar\u0131nda seyahatinizi nas\u0131l mant\u0131kl\u0131 bir \u015fekilde planlayabilirsiniz? <\/p>\n<h2><strong>Kayak kart\u0131 ve maliyetine genel bak\u0131\u015f<\/strong><\/h2>\n<p>2026 sezonu i\u00e7in a\u015fa\u011f\u0131daki k\u0131lavuz de\u011ferler beklenmelidir:<\/p>\n<ul>\n<li>Yeti\u015fkin g\u00fcnl\u00fck ge\u00e7i\u015f kart\u0131: yakla\u015f\u0131k 75-85 \u20ac<\/li>\n<li>2 g\u00fcnl\u00fck ge\u00e7i\u015f: yakla\u015f\u0131k 150 \u20ac<\/li>\n<li>\u00c7ocuklar ve gen\u00e7ler: \u00f6nemli \u00f6l\u00e7\u00fcde daha ucuz (ya\u015f grubuna ba\u011fl\u0131 olarak)<\/li>\n<\/ul>\n<p>Ayr\u0131ca konaklama, yemek ve varsa otopark \u00fccretleri de s\u00f6z konusudur.<\/p>\n<h2><strong>Ischgl&#8217;e araba ile seyahat: masraflar nelerdir?<\/strong><\/h2>\n<p>M\u00fcnih ile Ischgl aras\u0131ndaki mesafe yakla\u015f\u0131k 200 kilometredir.<br \/>\nTrafik olmadan yolculuk yakla\u015f\u0131k 2,5 saat s\u00fcrmektedir.<\/p>\n<p>Ancak pratikte (\u00f6zellikle Cuma veya Pazar g\u00fcnleri) bu s\u00fcre olduk\u00e7a uzayabilir.<\/p>\n<h3>Ek masraflar:<\/h3>\n<ul>\n<li>Avusturya vinyeti (10 g\u00fcn i\u00e7in yakla\u015f\u0131k 11-12 \u20ac)<\/li>\n<li>Arlberg t\u00fcnel ge\u00e7i\u015f \u00fccreti (g\u00fczergah ba\u015f\u0131na yakla\u015f\u0131k 11-12 \u20ac)<\/li>\n<li>Yak\u0131t<\/li>\n<li>Tesis i\u00e7i park \u00fccretleri<\/li>\n<\/ul>\n<h3>K\u0131\u015f aylar\u0131nda bu eklenir:<\/h3>\n<ul>\n<li>K\u0131\u015f lastikleri zorunlu<\/li>\n<li>Belirli ko\u015fullarda kar zincirleri<\/li>\n<li>Kar ya\u011f\u0131\u015f\u0131 veya trafik s\u0131k\u0131\u015f\u0131kl\u0131\u011f\u0131 nedeniyle gecikmeler<\/li>\n<\/ul>\n<p>Bir\u00e7ok ki\u015fi \u00f6zellikle Pazar ak\u015fam\u0131 d\u00f6n\u00fc\u015f yolculu\u011funu hafife almaktad\u0131r -&gt; iki g\u00fcn kayak yapt\u0131ktan sonra, bir\u00e7ok ki\u015fi birka\u00e7 saat kayak yapmay\u0131 yorucu bulmaktad\u0131r.<\/p>\n<h2><b>Otopark &amp; Bagaj<\/b><\/h2>\n<p class=\"p3\">Ischgl yine de iyi organize edilmi\u015ftir:<\/p>\n<ul>\n<li>Otoparklar y\u00fcksek sezonda dolu olabilir<\/li>\n<li>Yeralt\u0131 otopark alanlar\u0131 ekstra \u00fccrete tabidir<\/li>\n<li>Kayak ekipman\u0131 + bagaj + k\u0131\u015f ko\u015fullar\u0131 genellikle manevray\u0131 zorla\u015ft\u0131r\u0131r<\/li>\n<\/ul>\n<p class=\"p3\">\u00d6zellikle \u00e7ocuklar (\u00e7ocuk koltuklar\u0131 ve koltuk kabuklar\u0131) veya daha b\u00fcy\u00fck bagajlar s\u00f6z konusu oldu\u011funda, bu durum ek stres fakt\u00f6rleri yaratabilir.<\/p>\n<\/div><div class=\"fusion-image-element \" style=\"--awb-margin-top:20px;--awb-margin-bottom:20px;--awb-caption-title-font-family:var(--h2_typography-font-family);--awb-caption-title-font-weight:var(--h2_typography-font-weight);--awb-caption-title-font-style:var(--h2_typography-font-style);--awb-caption-title-size:var(--h2_typography-font-size);--awb-caption-title-transform:var(--h2_typography-text-transform);--awb-caption-title-line-height:var(--h2_typography-line-height);--awb-caption-title-letter-spacing:var(--h2_typography-letter-spacing);\"><span class=\" fusion-imageframe imageframe-none imageframe-2 hover-type-none\"><img decoding=\"async\" width=\"1920\" height=\"300\" title=\"1\" src=\"https:\/\/flughafentaxi-muenchen.eu\/wp-content\/uploads\/2022\/11\/1-1.avif\" data-orig-src=\"https:\/\/flughafentaxi-muenchen.eu\/wp-content\/uploads\/2022\/11\/1-1.avif\" alt class=\"lazyload img-responsive wp-image-24354\" srcset=\"data:image\/svg+xml,%3Csvg%20xmlns%3D%27http%3A%2F%2Fwww.w3.org%2F2000%2Fsvg%27%20width%3D%271920%27%20height%3D%27300%27%20viewBox%3D%270%200%201920%20300%27%3E%3Crect%20width%3D%271920%27%20height%3D%27300%27%20fill-opacity%3D%220%22%2F%3E%3C%2Fsvg%3E\" data-srcset=\"https:\/\/flughafentaxi-muenchen.eu\/wp-content\/uploads\/2022\/11\/1-1-200x31.avif 200w, https:\/\/flughafentaxi-muenchen.eu\/wp-content\/uploads\/2022\/11\/1-1-400x63.avif 400w, https:\/\/flughafentaxi-muenchen.eu\/wp-content\/uploads\/2022\/11\/1-1-600x94.avif 600w, https:\/\/flughafentaxi-muenchen.eu\/wp-content\/uploads\/2022\/11\/1-1-800x125.avif 800w, https:\/\/flughafentaxi-muenchen.eu\/wp-content\/uploads\/2022\/11\/1-1-1200x188.avif 1200w, https:\/\/flughafentaxi-muenchen.eu\/wp-content\/uploads\/2022\/11\/1-1.avif 1920w\" data-sizes=\"auto\" data-orig-sizes=\"(max-width: 820px) 100vw, 1200px\" \/><\/span><\/div><div class=\"fusion-text fusion-text-2\" style=\"--awb-text-transform:none;\"><h2><b>Alternatif: organize var\u0131\u015f<\/b><\/h2>\n<p class=\"p3\">\u00d6zellikle bunun i\u00e7in:<\/p>\n<ul>\n<li>3-6 ki\u015fi<\/li>\n<li>Hafta sonu gezileri<\/li>\n<li>M\u00fcnih Havaliman\u0131 \u00fczerinden seyahat<\/li>\n<li>\u00c7ok say\u0131da bagaj veya kayak ekipman\u0131<\/li>\n<li>Ge\u00e7 ini\u015fler veya erken d\u00f6n\u00fc\u015f u\u00e7u\u015flar\u0131<\/li>\n<\/ul>\n<p class=\"p3\">organize bir yolculuk faydal\u0131 olabilir.<\/p>\n<p class=\"p3\">Ge\u00e7i\u015f \u00fccretlerini, park yerini ve k\u0131\u015f trafi\u011fini kendiniz planlamak zorunda kalmak yerine, do\u011frudan konaklama yerinize g\u00f6t\u00fcr\u00fcl\u00fcrs\u00fcn\u00fcz.<\/p>\n<h2><b>Maliyet kar\u015f\u0131la\u015ft\u0131rmas\u0131: araba ve organize gezi<\/b><\/h2>\n<p class=\"p3\">\u00d6rnek hesaplama (4 ki\u015fi):<\/p>\n<p class=\"p3\">Araba:<\/p>\n<ul>\n<li>50-70 \u20ac yak\u0131t<\/li>\n<li>22-24 \u20ac T\u00fcnel<\/li>\n<li>12 \u20ac Vinyet<\/li>\n<li>30-40 \u20ac Otopark\n<p class=\"p1\">= yakla\u015f\u0131k 120-150 \u20ac<\/p>\n<\/li>\n<\/ul>\n<p class=\"p3\">Birden fazla ki\u015fi varsa, fark g\u00f6receli olarak azal\u0131r -&gt; ancak s\u00fcr\u00fc\u015f stresi ortadan kalkar.<\/p>\n<h2><b>Sonu\u00e7: Hangi varyant ne zaman de\u011ferlidir?<\/b><\/h2>\n<p class=\"p3\">Esnek biriyseniz ve arac\u0131n\u0131z\u0131 kendiniz kullanmaktan ho\u015flan\u0131yorsan\u0131z, yolculu\u011funuzu kolayca organize edebilirsiniz.<\/p>\n<p class=\"p3\">Ancak kim:<\/p>\n<ul>\n<li>rahatlam\u0131\u015f olarak varmak istiyorum<\/li>\n<li>Kar ve trafik s\u0131k\u0131\u015f\u0131kl\u0131\u011f\u0131ndan ka\u00e7\u0131nmak istiyorsan\u0131z<\/li>\n<li>birden fazla ki\u015fi ile seyahat (\u00e7ocuk koltuklar\u0131 ile \u00e7ocuklar\/bebekler)<\/li>\n<li>kayak ekipmanlar\u0131n\u0131 yan\u0131n\u0131za al\u0131r<\/li>\n<li>do\u011frudan havaalan\u0131ndan seyahat<\/li>\n<\/ul>\n<p class=\"p3\">en az\u0131ndan alternatifleri de\u011ferlendirmelidir.<\/p>\n<\/div><div ><a class=\"fusion-button button-flat fusion-button-default-size button-default fusion-button-default button-1 fusion-button-default-span fusion-button-default-type\" style=\"--button_text_transform:none;\" target=\"_self\" href=\"https:\/\/flughafentaxi-muenchen.eu\/tr\/suerues-talebinde-bulun\/\"><span class=\"fusion-button-text awb-button__text awb-button__text--default\">Ekipmanlar\u0131n\u0131z\u0131 toplay\u0131n ve bir yolculuk talep edin<\/span><\/a><\/div><div class=\"fusion-image-element \" style=\"--awb-margin-top:20px;--awb-margin-bottom:20px;--awb-caption-title-font-family:var(--h2_typography-font-family);--awb-caption-title-font-weight:var(--h2_typography-font-weight);--awb-caption-title-font-style:var(--h2_typography-font-style);--awb-caption-title-size:var(--h2_typography-font-size);--awb-caption-title-transform:var(--h2_typography-text-transform);--awb-caption-title-line-height:var(--h2_typography-line-height);--awb-caption-title-letter-spacing:var(--h2_typography-letter-spacing);\"><span class=\" fusion-imageframe imageframe-none imageframe-3 hover-type-none\"><img decoding=\"async\" width=\"1920\" height=\"300\" title=\"3\" src=\"https:\/\/flughafentaxi-muenchen.eu\/wp-content\/uploads\/2022\/11\/3.avif\" data-orig-src=\"https:\/\/flughafentaxi-muenchen.eu\/wp-content\/uploads\/2022\/11\/3.avif\" alt class=\"lazyload img-responsive wp-image-24356\" srcset=\"data:image\/svg+xml,%3Csvg%20xmlns%3D%27http%3A%2F%2Fwww.w3.org%2F2000%2Fsvg%27%20width%3D%271920%27%20height%3D%27300%27%20viewBox%3D%270%200%201920%20300%27%3E%3Crect%20width%3D%271920%27%20height%3D%27300%27%20fill-opacity%3D%220%22%2F%3E%3C%2Fsvg%3E\" data-srcset=\"https:\/\/flughafentaxi-muenchen.eu\/wp-content\/uploads\/2022\/11\/3-200x31.avif 200w, https:\/\/flughafentaxi-muenchen.eu\/wp-content\/uploads\/2022\/11\/3-400x63.avif 400w, https:\/\/flughafentaxi-muenchen.eu\/wp-content\/uploads\/2022\/11\/3-600x94.avif 600w, https:\/\/flughafentaxi-muenchen.eu\/wp-content\/uploads\/2022\/11\/3-800x125.avif 800w, https:\/\/flughafentaxi-muenchen.eu\/wp-content\/uploads\/2022\/11\/3-1200x188.avif 1200w, https:\/\/flughafentaxi-muenchen.eu\/wp-content\/uploads\/2022\/11\/3.avif 1920w\" data-sizes=\"auto\" data-orig-sizes=\"(max-width: 820px) 100vw, 1200px\" \/><\/span><\/div><div class=\"fusion-text fusion-text-3\" style=\"--awb-text-transform:none;\"><h2><b>SSS &#8211; Ischgl&#8217;e k\u0131\u015f gezisi<\/b><\/h2>\n<p class=\"p3\"><b>M\u00fcnih&#8217;ten yolculuk ne kadar s\u00fcrer?<\/b><b><\/b><\/p>\n<p class=\"p4\">Trafi\u011fe ba\u011fl\u0131 olarak 2,5 ila 4 saat aras\u0131nda.<\/p>\n<p class=\"p3\"><b>Kar zincirine ihtiyac\u0131m var m\u0131?<\/b><b><\/b><\/p>\n<p class=\"p4\">Evet, belirli hava ko\u015fullar\u0131nda. \u0130lgili tabelalar\u0131 dikkate al\u0131n. <\/p>\n<p class=\"p3\"><b>Ischgl \u00e7ocuklar i\u00e7in uygun mu?<\/b><b><\/b><\/p>\n<p class=\"p4\">Evet, ayr\u0131 antrenman alanlar\u0131 ve kayak okullar\u0131 var.<\/p>\n<\/div><\/div><\/div><\/div><\/div>\n","protected":false},"excerpt":{"rendered":"","protected":false},"author":1,"featured_media":24355,"comment_status":"closed","ping_status":"closed","sticky":false,"template":"","format":"standard","meta":{"_acf_changed":false,"footnotes":""},"categories":[77],"tags":[],"class_list":["post-24617","post","type-post","status-publish","format-standard","has-post-thumbnail","hentry","category-blog"],"acf":[],"_links":{"self":[{"href":"https:\/\/flughafentaxi-muenchen.eu\/tr\/wp-json\/wp\/v2\/posts\/24617","targetHints":{"allow":["GET"]}}],"collection":[{"href":"https:\/\/flughafentaxi-muenchen.eu\/tr\/wp-json\/wp\/v2\/posts"}],"about":[{"href":"https:\/\/flughafentaxi-muenchen.eu\/tr\/wp-json\/wp\/v2\/types\/post"}],"author":[{"embeddable":true,"href":"https:\/\/flughafentaxi-muenchen.eu\/tr\/wp-json\/wp\/v2\/users\/1"}],"replies":[{"embeddable":true,"href":"https:\/\/flughafentaxi-muenchen.eu\/tr\/wp-json\/wp\/v2\/comments?post=24617"}],"version-history":[{"count":3,"href":"https:\/\/flughafentaxi-muenchen.eu\/tr\/wp-json\/wp\/v2\/posts\/24617\/revisions"}],"predecessor-version":[{"id":24620,"href":"https:\/\/flughafentaxi-muenchen.eu\/tr\/wp-json\/wp\/v2\/posts\/24617\/revisions\/24620"}],"wp:featuredmedia":[{"embeddable":true,"href":"https:\/\/flughafentaxi-muenchen.eu\/tr\/wp-json\/wp\/v2\/media\/24355"}],"wp:attachment":[{"href":"https:\/\/flughafentaxi-muenchen.eu\/tr\/wp-json\/wp\/v2\/media?parent=24617"}],"wp:term":[{"taxonomy":"category","embeddable":true,"href":"https:\/\/flughafentaxi-muenchen.eu\/tr\/wp-json\/wp\/v2\/categories?post=24617"},{"taxonomy":"post_tag","embeddable":true,"href":"https:\/\/flughafentaxi-muenchen.eu\/tr\/wp-json\/wp\/v2\/tags?post=24617"}],"curies":[{"name":"wp","href":"https:\/\/api.w.org\/{rel}","templated":true}]}}